{"id":4245,"date":"2023-04-26T14:20:39","date_gmt":"2023-04-26T14:20:39","guid":{"rendered":"https:\/\/haa.hr\/anita-kontrec-foundation\/"},"modified":"2023-04-27T13:11:45","modified_gmt":"2023-04-27T13:11:45","slug":"anita-kontrec-foundation","status":"publish","type":"post","link":"https:\/\/haa.hr\/en\/anita-kontrec-foundation\/","title":{"rendered":"Anita Kontrec Foundation"},"content":{"rendered":"\n<p>BIOGRAPHY:<br\/>Anita Kontrec was born in Zagreb, where she graduated from the Faculty of Philosophy and studied sculpture<br\/>the class of prof. Ivan Saboli\u0107 at the Academy of Fine Arts in Zagreb. Since 1989 until 2017 years<br\/>he lives between Cologne and Zagreb and is active in the Croatian and German art scene, as well as in his own<br\/>projects often connect Croatian, German and international artists and institutions. For her<br\/>artistic work is a characteristic interdisciplinary approach, and in her multimedia projects<br\/>it often refers to current social, cultural and political phenomena. Since 2017 lives again<br\/>in Zagreb, where he continues to collaborate with numerous cultural and artistic institutions abroad. More<br\/>from thirty years of artistic work she presented at the retrospective exhibition Kreisverkehr<br\/>Roundabout at the HDLU House in Zagreb, 2016, and published a trilingual monograph of the same name). Years<\/p>\n\n<p><br\/>ANITA KONTREC FOUNDATION:<br\/>It was founded in cooperation with the Croatian Author Agency HAA-CIV in June 2021. years in<br\/>Zagreb. The purpose of the Foundation is to preserve and promote the rich work of this Croatian-German artist<br\/>who achieved most of her artistic creation and international artistic career in<br\/>Germany, where she lived since 1989. until 2017 years. After the retrospective exhibition CIRCULAR FLOW \/<br\/>KREISVERKEHR \/ ROUNDABOUT to the &#8220;Ring&#8221; galleries (Me\u0161trovi\u0107 Pavilion) in Zagreb in 2016.<br\/>decided to return to her hometown where she first started her distinctive art career<br\/>solo exhibition at the DDT Gallery in Zagreb in 1986. years.<br\/>The goal of the Kontrec Foundation is to continue cooperation with Croatian and international artists and cultural<br\/>institutions, with a focus on the German art scene<\/p>\n\n<div data-wp-interactive=\"core\/file\" class=\"wp-block-file\"><object data-wp-bind--hidden=\"!state.hasPdfPreview\" hidden class=\"wp-block-file__embed\" data=\"https:\/\/haa.hr\/wp-content\/uploads\/2023\/04\/Pozivnica.pdf\" type=\"application\/pdf\" style=\"width:100%;height:600px\" aria-label=\"Embed of Pozivnica.\"><\/object><a id=\"wp-block-file--media-12d63dfe-e970-4b0b-ade8-b84eae3c0f6b\" href=\"https:\/\/haa.hr\/wp-content\/uploads\/2023\/04\/Pozivnica.pdf\">Invitation<\/a><a href=\"https:\/\/haa.hr\/wp-content\/uploads\/2023\/04\/Pozivnica.pdf\" class=\"wp-block-file__button wp-element-button\" download=\"\" aria-describedby=\"wp-block-file--media-12d63dfe-e970-4b0b-ade8-b84eae3c0f6b\">Download<\/a><\/div>\n","protected":false},"excerpt":{"rendered":"<p>BIOGRAPHY:Anita Kontrec was born in Zagreb, where she graduated from the Faculty of Philosophy and studied sculpturethe class of prof. Ivan Saboli\u0107 at the Academy of Fine Arts in Zagreb. Since 1989 until 2017 yearshe lives between Cologne and Zagreb and is active in the Croatian and German art scene, as well as in his [&hellip;]<\/p>\n","protected":false},"author":2,"featured_media":4143,"comment_status":"closed","ping_status":"closed","sticky":false,"template":"","format":"standard","meta":{"footnotes":""},"categories":[21],"tags":[],"class_list":["post-4245","post","type-post","status-publish","format-standard","has-post-thumbnail","hentry","category-projects"],"blocksy_meta":[],"yoast_head":"<!-- This site is optimized with the Yoast SEO plugin v25.3 - https:\/\/yoast.com\/wordpress\/plugins\/seo\/ -->\n<title>Anita Kontrec Foundation - Hrvatska autorska agencija<\/title>\n<meta name=\"robots\" content=\"index, follow, max-snippet:-1, max-image-preview:large, max-video-preview:-1\" \/>\n<link rel=\"canonical\" href=\"https:\/\/haa.hr\/en\/anita-kontrec-foundation\/\" \/>\n<meta property=\"og:locale\" content=\"en_US\" \/>\n<meta property=\"og:type\" content=\"article\" \/>\n<meta property=\"og:title\" content=\"Anita Kontrec Foundation - Hrvatska autorska agencija\" \/>\n<meta property=\"og:description\" content=\"BIOGRAPHY:Anita Kontrec was born in Zagreb, where she graduated from the Faculty of Philosophy and studied sculpturethe class of prof. Ivan Saboli\u0107 at the Academy of Fine Arts in Zagreb. Since 1989 until 2017 yearshe lives between Cologne and Zagreb and is active in the Croatian and German art scene, as well as in his [&hellip;]\" \/>\n<meta property=\"og:url\" content=\"https:\/\/haa.hr\/en\/anita-kontrec-foundation\/\" \/>\n<meta property=\"og:site_name\" content=\"Hrvatska autorska agencija\" \/>\n<meta property=\"article:publisher\" content=\"https:\/\/www.facebook.com\/HAA.CIV\" \/>\n<meta property=\"article:published_time\" content=\"2023-04-26T14:20:39+00:00\" \/>\n<meta property=\"article:modified_time\" content=\"2023-04-27T13:11:45+00:00\" \/>\n<meta property=\"og:image\" content=\"https:\/\/haa.hr\/wp-content\/uploads\/2023\/04\/anita_kontrec.png\" \/>\n\t<meta property=\"og:image:width\" content=\"1047\" \/>\n\t<meta property=\"og:image:height\" content=\"784\" \/>\n\t<meta property=\"og:image:type\" content=\"image\/png\" \/>\n<meta name=\"author\" content=\"Marko Grube\u0161i\u0107\" \/>\n<meta name=\"twitter:card\" content=\"summary_large_image\" \/>\n<meta name=\"twitter:label1\" content=\"Written by\" \/>\n\t<meta name=\"twitter:data1\" content=\"Marko Grube\u0161i\u0107\" \/>\n\t<meta name=\"twitter:label2\" content=\"Est. reading time\" \/>\n\t<meta name=\"twitter:data2\" content=\"1 minute\" \/>\n<script type=\"application\/ld+json\" class=\"yoast-schema-graph\">{\"@context\":\"https:\/\/schema.org\",\"@graph\":[{\"@type\":\"Article\",\"@id\":\"https:\/\/haa.hr\/en\/anita-kontrec-foundation\/#article\",\"isPartOf\":{\"@id\":\"https:\/\/haa.hr\/en\/anita-kontrec-foundation\/\"},\"author\":{\"name\":\"Marko Grube\u0161i\u0107\",\"@id\":\"https:\/\/haa.hr\/en\/#\/schema\/person\/26c1fdd2be5cfdfc395bbce07479b466\"},\"headline\":\"Anita Kontrec Foundation\",\"datePublished\":\"2023-04-26T14:20:39+00:00\",\"dateModified\":\"2023-04-27T13:11:45+00:00\",\"mainEntityOfPage\":{\"@id\":\"https:\/\/haa.hr\/en\/anita-kontrec-foundation\/\"},\"wordCount\":254,\"publisher\":{\"@id\":\"https:\/\/haa.hr\/en\/#organization\"},\"image\":{\"@id\":\"https:\/\/haa.hr\/en\/anita-kontrec-foundation\/#primaryimage\"},\"thumbnailUrl\":\"https:\/\/haa.hr\/wp-content\/uploads\/2023\/04\/anita_kontrec.png\",\"articleSection\":[\"Projects\"],\"inLanguage\":\"en-US\"},{\"@type\":\"WebPage\",\"@id\":\"https:\/\/haa.hr\/en\/anita-kontrec-foundation\/\",\"url\":\"https:\/\/haa.hr\/en\/anita-kontrec-foundation\/\",\"name\":\"Anita Kontrec Foundation - Hrvatska autorska agencija\",\"isPartOf\":{\"@id\":\"https:\/\/haa.hr\/en\/#website\"},\"primaryImageOfPage\":{\"@id\":\"https:\/\/haa.hr\/en\/anita-kontrec-foundation\/#primaryimage\"},\"image\":{\"@id\":\"https:\/\/haa.hr\/en\/anita-kontrec-foundation\/#primaryimage\"},\"thumbnailUrl\":\"https:\/\/haa.hr\/wp-content\/uploads\/2023\/04\/anita_kontrec.png\",\"datePublished\":\"2023-04-26T14:20:39+00:00\",\"dateModified\":\"2023-04-27T13:11:45+00:00\",\"breadcrumb\":{\"@id\":\"https:\/\/haa.hr\/en\/anita-kontrec-foundation\/#breadcrumb\"},\"inLanguage\":\"en-US\",\"potentialAction\":[{\"@type\":\"ReadAction\",\"target\":[\"https:\/\/haa.hr\/en\/anita-kontrec-foundation\/\"]}]},{\"@type\":\"ImageObject\",\"inLanguage\":\"en-US\",\"@id\":\"https:\/\/haa.hr\/en\/anita-kontrec-foundation\/#primaryimage\",\"url\":\"https:\/\/haa.hr\/wp-content\/uploads\/2023\/04\/anita_kontrec.png\",\"contentUrl\":\"https:\/\/haa.hr\/wp-content\/uploads\/2023\/04\/anita_kontrec.png\",\"width\":1047,\"height\":784},{\"@type\":\"BreadcrumbList\",\"@id\":\"https:\/\/haa.hr\/en\/anita-kontrec-foundation\/#breadcrumb\",\"itemListElement\":[{\"@type\":\"ListItem\",\"position\":1,\"name\":\"Po\u010detna stranica\",\"item\":\"https:\/\/haa.hr\/en\/home\/\"},{\"@type\":\"ListItem\",\"position\":2,\"name\":\"Anita Kontrec Foundation\"}]},{\"@type\":\"WebSite\",\"@id\":\"https:\/\/haa.hr\/en\/#website\",\"url\":\"https:\/\/haa.hr\/en\/\",\"name\":\"Hrvatska Autorska Agencija\",\"description\":\"HAA\",\"publisher\":{\"@id\":\"https:\/\/haa.hr\/en\/#organization\"},\"potentialAction\":[{\"@type\":\"SearchAction\",\"target\":{\"@type\":\"EntryPoint\",\"urlTemplate\":\"https:\/\/haa.hr\/en\/?s={search_term_string}\"},\"query-input\":{\"@type\":\"PropertyValueSpecification\",\"valueRequired\":true,\"valueName\":\"search_term_string\"}}],\"inLanguage\":\"en-US\"},{\"@type\":\"Organization\",\"@id\":\"https:\/\/haa.hr\/en\/#organization\",\"name\":\"Hrvatska Autorska Agencija\",\"url\":\"https:\/\/haa.hr\/en\/\",\"logo\":{\"@type\":\"ImageObject\",\"inLanguage\":\"en-US\",\"@id\":\"https:\/\/haa.hr\/en\/#\/schema\/logo\/image\/\",\"url\":\"https:\/\/haa.hr\/wp-content\/uploads\/2023\/04\/logo.png\",\"contentUrl\":\"https:\/\/haa.hr\/wp-content\/uploads\/2023\/04\/logo.png\",\"width\":500,\"height\":500,\"caption\":\"Hrvatska Autorska Agencija\"},\"image\":{\"@id\":\"https:\/\/haa.hr\/en\/#\/schema\/logo\/image\/\"},\"sameAs\":[\"https:\/\/www.facebook.com\/HAA.CIV\",\"https:\/\/www.instagram.com\/hrvatska_autorska_agencija\/\",\"https:\/\/www.linkedin.com\/company\/croatian-copyright-agency---intellectual-property-center-ltd-\/\"]},{\"@type\":\"Person\",\"@id\":\"https:\/\/haa.hr\/en\/#\/schema\/person\/26c1fdd2be5cfdfc395bbce07479b466\",\"name\":\"Marko Grube\u0161i\u0107\",\"image\":{\"@type\":\"ImageObject\",\"inLanguage\":\"en-US\",\"@id\":\"https:\/\/haa.hr\/en\/#\/schema\/person\/image\/\",\"url\":\"https:\/\/secure.gravatar.com\/avatar\/c7f15916e9453f1516e363b74e8b003ec4dcc097d0dfc0b40d361fbcc9a839c0?s=96&d=mm&r=g\",\"contentUrl\":\"https:\/\/secure.gravatar.com\/avatar\/c7f15916e9453f1516e363b74e8b003ec4dcc097d0dfc0b40d361fbcc9a839c0?s=96&d=mm&r=g\",\"caption\":\"Marko Grube\u0161i\u0107\"}}]}<\/script>\n<!-- \/ Yoast SEO plugin. -->","yoast_head_json":{"title":"Anita Kontrec Foundation - Hrvatska autorska agencija","robots":{"index":"index","follow":"follow","max-snippet":"max-snippet:-1","max-image-preview":"max-image-preview:large","max-video-preview":"max-video-preview:-1"},"canonical":"https:\/\/haa.hr\/en\/anita-kontrec-foundation\/","og_locale":"en_US","og_type":"article","og_title":"Anita Kontrec Foundation - Hrvatska autorska agencija","og_description":"BIOGRAPHY:Anita Kontrec was born in Zagreb, where she graduated from the Faculty of Philosophy and studied sculpturethe class of prof. Ivan Saboli\u0107 at the Academy of Fine Arts in Zagreb. Since 1989 until 2017 yearshe lives between Cologne and Zagreb and is active in the Croatian and German art scene, as well as in his [&hellip;]","og_url":"https:\/\/haa.hr\/en\/anita-kontrec-foundation\/","og_site_name":"Hrvatska autorska agencija","article_publisher":"https:\/\/www.facebook.com\/HAA.CIV","article_published_time":"2023-04-26T14:20:39+00:00","article_modified_time":"2023-04-27T13:11:45+00:00","og_image":[{"width":1047,"height":784,"url":"https:\/\/haa.hr\/wp-content\/uploads\/2023\/04\/anita_kontrec.png","type":"image\/png"}],"author":"Marko Grube\u0161i\u0107","twitter_card":"summary_large_image","twitter_misc":{"Written by":"Marko Grube\u0161i\u0107","Est. reading time":"1 minute"},"schema":{"@context":"https:\/\/schema.org","@graph":[{"@type":"Article","@id":"https:\/\/haa.hr\/en\/anita-kontrec-foundation\/#article","isPartOf":{"@id":"https:\/\/haa.hr\/en\/anita-kontrec-foundation\/"},"author":{"name":"Marko Grube\u0161i\u0107","@id":"https:\/\/haa.hr\/en\/#\/schema\/person\/26c1fdd2be5cfdfc395bbce07479b466"},"headline":"Anita Kontrec Foundation","datePublished":"2023-04-26T14:20:39+00:00","dateModified":"2023-04-27T13:11:45+00:00","mainEntityOfPage":{"@id":"https:\/\/haa.hr\/en\/anita-kontrec-foundation\/"},"wordCount":254,"publisher":{"@id":"https:\/\/haa.hr\/en\/#organization"},"image":{"@id":"https:\/\/haa.hr\/en\/anita-kontrec-foundation\/#primaryimage"},"thumbnailUrl":"https:\/\/haa.hr\/wp-content\/uploads\/2023\/04\/anita_kontrec.png","articleSection":["Projects"],"inLanguage":"en-US"},{"@type":"WebPage","@id":"https:\/\/haa.hr\/en\/anita-kontrec-foundation\/","url":"https:\/\/haa.hr\/en\/anita-kontrec-foundation\/","name":"Anita Kontrec Foundation - Hrvatska autorska agencija","isPartOf":{"@id":"https:\/\/haa.hr\/en\/#website"},"primaryImageOfPage":{"@id":"https:\/\/haa.hr\/en\/anita-kontrec-foundation\/#primaryimage"},"image":{"@id":"https:\/\/haa.hr\/en\/anita-kontrec-foundation\/#primaryimage"},"thumbnailUrl":"https:\/\/haa.hr\/wp-content\/uploads\/2023\/04\/anita_kontrec.png","datePublished":"2023-04-26T14:20:39+00:00","dateModified":"2023-04-27T13:11:45+00:00","breadcrumb":{"@id":"https:\/\/haa.hr\/en\/anita-kontrec-foundation\/#breadcrumb"},"inLanguage":"en-US","potentialAction":[{"@type":"ReadAction","target":["https:\/\/haa.hr\/en\/anita-kontrec-foundation\/"]}]},{"@type":"ImageObject","inLanguage":"en-US","@id":"https:\/\/haa.hr\/en\/anita-kontrec-foundation\/#primaryimage","url":"https:\/\/haa.hr\/wp-content\/uploads\/2023\/04\/anita_kontrec.png","contentUrl":"https:\/\/haa.hr\/wp-content\/uploads\/2023\/04\/anita_kontrec.png","width":1047,"height":784},{"@type":"BreadcrumbList","@id":"https:\/\/haa.hr\/en\/anita-kontrec-foundation\/#breadcrumb","itemListElement":[{"@type":"ListItem","position":1,"name":"Po\u010detna stranica","item":"https:\/\/haa.hr\/en\/home\/"},{"@type":"ListItem","position":2,"name":"Anita Kontrec Foundation"}]},{"@type":"WebSite","@id":"https:\/\/haa.hr\/en\/#website","url":"https:\/\/haa.hr\/en\/","name":"Hrvatska Autorska Agencija","description":"HAA","publisher":{"@id":"https:\/\/haa.hr\/en\/#organization"},"potentialAction":[{"@type":"SearchAction","target":{"@type":"EntryPoint","urlTemplate":"https:\/\/haa.hr\/en\/?s={search_term_string}"},"query-input":{"@type":"PropertyValueSpecification","valueRequired":true,"valueName":"search_term_string"}}],"inLanguage":"en-US"},{"@type":"Organization","@id":"https:\/\/haa.hr\/en\/#organization","name":"Hrvatska Autorska Agencija","url":"https:\/\/haa.hr\/en\/","logo":{"@type":"ImageObject","inLanguage":"en-US","@id":"https:\/\/haa.hr\/en\/#\/schema\/logo\/image\/","url":"https:\/\/haa.hr\/wp-content\/uploads\/2023\/04\/logo.png","contentUrl":"https:\/\/haa.hr\/wp-content\/uploads\/2023\/04\/logo.png","width":500,"height":500,"caption":"Hrvatska Autorska Agencija"},"image":{"@id":"https:\/\/haa.hr\/en\/#\/schema\/logo\/image\/"},"sameAs":["https:\/\/www.facebook.com\/HAA.CIV","https:\/\/www.instagram.com\/hrvatska_autorska_agencija\/","https:\/\/www.linkedin.com\/company\/croatian-copyright-agency---intellectual-property-center-ltd-\/"]},{"@type":"Person","@id":"https:\/\/haa.hr\/en\/#\/schema\/person\/26c1fdd2be5cfdfc395bbce07479b466","name":"Marko Grube\u0161i\u0107","image":{"@type":"ImageObject","inLanguage":"en-US","@id":"https:\/\/haa.hr\/en\/#\/schema\/person\/image\/","url":"https:\/\/secure.gravatar.com\/avatar\/c7f15916e9453f1516e363b74e8b003ec4dcc097d0dfc0b40d361fbcc9a839c0?s=96&d=mm&r=g","contentUrl":"https:\/\/secure.gravatar.com\/avatar\/c7f15916e9453f1516e363b74e8b003ec4dcc097d0dfc0b40d361fbcc9a839c0?s=96&d=mm&r=g","caption":"Marko Grube\u0161i\u0107"}}]}},"_links":{"self":[{"href":"https:\/\/haa.hr\/en\/wp-json\/wp\/v2\/posts\/4245","targetHints":{"allow":["GET"]}}],"collection":[{"href":"https:\/\/haa.hr\/en\/wp-json\/wp\/v2\/posts"}],"about":[{"href":"https:\/\/haa.hr\/en\/wp-json\/wp\/v2\/types\/post"}],"author":[{"embeddable":true,"href":"https:\/\/haa.hr\/en\/wp-json\/wp\/v2\/users\/2"}],"replies":[{"embeddable":true,"href":"https:\/\/haa.hr\/en\/wp-json\/wp\/v2\/comments?post=4245"}],"version-history":[{"count":1,"href":"https:\/\/haa.hr\/en\/wp-json\/wp\/v2\/posts\/4245\/revisions"}],"predecessor-version":[{"id":4248,"href":"https:\/\/haa.hr\/en\/wp-json\/wp\/v2\/posts\/4245\/revisions\/4248"}],"wp:featuredmedia":[{"embeddable":true,"href":"https:\/\/haa.hr\/en\/wp-json\/wp\/v2\/media\/4143"}],"wp:attachment":[{"href":"https:\/\/haa.hr\/en\/wp-json\/wp\/v2\/media?parent=4245"}],"wp:term":[{"taxonomy":"category","embeddable":true,"href":"https:\/\/haa.hr\/en\/wp-json\/wp\/v2\/categories?post=4245"},{"taxonomy":"post_tag","embeddable":true,"href":"https:\/\/haa.hr\/en\/wp-json\/wp\/v2\/tags?post=4245"}],"curies":[{"name":"wp","href":"https:\/\/api.w.org\/{rel}","templated":true}]}}